{"id":1438,"date":"2021-09-04T01:47:36","date_gmt":"2021-09-04T01:47:36","guid":{"rendered":"https:\/\/bufetepadillasanchez.com\/?p=1438"},"modified":"2021-09-05T19:54:18","modified_gmt":"2021-09-05T19:54:18","slug":"guarda-y-custodia-de-los-hijos","status":"publish","type":"post","link":"https:\/\/bufetepadillasanchez.com\/index.php\/2021\/09\/04\/guarda-y-custodia-de-los-hijos\/","title":{"rendered":"Guarda y Custodia de los Hijos"},"content":{"rendered":"\t\t<div data-elementor-type=\"wp-post\" data-elementor-id=\"1438\" class=\"elementor elementor-1438\" data-elementor-settings=\"[]\">\n\t\t\t\t\t\t<div class=\"elementor-inner\">\n\t\t\t\t\t\t\t<div class=\"elementor-section-wrap\">\n\t\t\t\t\t\t\t<section class=\"elementor-section elementor-top-section elementor-element elementor-element-438f24b elementor-section-boxed elementor-section-height-default elementor-section-height-default\" data-id=\"438f24b\" data-element_type=\"section\">\n\t\t\t\t\t\t<div class=\"elementor-container elementor-column-gap-default\">\n\t\t\t\t\t\t\t<div class=\"elementor-row\">\n\t\t\t\t\t<div class=\"elementor-column elementor-col-100 elementor-top-column elementor-element elementor-element-5f1b0f9\" data-id=\"5f1b0f9\" data-element_type=\"column\">\n\t\t\t<div class=\"elementor-column-wrap elementor-element-populated\">\n\t\t\t\t\t\t\t<div class=\"elementor-widget-wrap\">\n\t\t\t\t\t\t<div class=\"elementor-element elementor-element-8fc3a32 elementor-widget elementor-widget-text-editor\" data-id=\"8fc3a32\" data-element_type=\"widget\" data-widget_type=\"text-editor.default\">\n\t\t\t\t<div class=\"elementor-widget-container\">\n\t\t\t\t\t\t\t\t<div class=\"elementor-text-editor elementor-clearfix\">\n\t\t\t\t\t<p>En la propuesta de convenio de divorcio el c\u00f3nyuge promovente o ambos seg\u00fan sea el caso designar\u00e1n a qui\u00e9n le corresponder\u00e1 la guarda y custodia de los menores hijos o mayores de edad con incapacidad jur\u00eddica, as\u00ed como los t\u00e9rminos del derecho de convivencia. El Juzgador velando por el bienestar, el desarrollo, la protecci\u00f3n y el inter\u00e9s de los hijos menores o incapaces, resolver\u00e1 sobre la guarda y custodia, y el derecho de convivencia. Adem\u00e1s en algunas legislaciones se incluyen las medidas de protecci\u00f3n a los menores o incapaces contra la violencia familiar.<\/p>\t\t\t\t\t<\/div>\n\t\t\t\t\t\t<\/div>\n\t\t\t\t<\/div>\n\t\t\t\t\t\t<\/div>\n\t\t\t\t\t<\/div>\n\t\t<\/div>\n\t\t\t\t\t\t\t\t<\/div>\n\t\t\t\t\t<\/div>\n\t\t<\/section>\n\t\t\t\t<section class=\"elementor-section elementor-top-section elementor-element elementor-element-ed5f189 elementor-section-boxed elementor-section-height-default elementor-section-height-default\" data-id=\"ed5f189\" data-element_type=\"section\">\n\t\t\t\t\t\t<div class=\"elementor-container elementor-column-gap-default\">\n\t\t\t\t\t\t\t<div class=\"elementor-row\">\n\t\t\t\t\t<div class=\"elementor-column elementor-col-100 elementor-top-column elementor-element elementor-element-962f088\" data-id=\"962f088\" data-element_type=\"column\">\n\t\t\t<div class=\"elementor-column-wrap elementor-element-populated\">\n\t\t\t\t\t\t\t<div class=\"elementor-widget-wrap\">\n\t\t\t\t\t\t<div class=\"elementor-element elementor-element-be36878 elementor-align-center elementor-widget elementor-widget-button\" data-id=\"be36878\" data-element_type=\"widget\" data-widget_type=\"button.default\">\n\t\t\t\t<div class=\"elementor-widget-container\">\n\t\t\t\t\t<div class=\"elementor-button-wrapper\">\n\t\t\t<a href=\"https:\/\/bufetepadillasanchez.com\/index.php\/webinar-gratis-sobre-divorcios\/\" class=\"elementor-button-link elementor-button elementor-size-sm\" role=\"button\">\n\t\t\t\t\t\t<span class=\"elementor-button-content-wrapper\">\n\t\t\t\t\t\t<span class=\"elementor-button-text\">Inscr\u00edbete gratis al webinair sobre divorcios<\/span>\n\t\t<\/span>\n\t\t\t\t\t<\/a>\n\t\t<\/div>\n\t\t\t\t<\/div>\n\t\t\t\t<\/div>\n\t\t\t\t\t\t<\/div>\n\t\t\t\t\t<\/div>\n\t\t<\/div>\n\t\t\t\t\t\t\t\t<\/div>\n\t\t\t\t\t<\/div>\n\t\t<\/section>\n\t\t\t\t<section class=\"elementor-section elementor-top-section elementor-element elementor-element-79aa6ca elementor-section-boxed elementor-section-height-default elementor-section-height-default\" data-id=\"79aa6ca\" data-element_type=\"section\">\n\t\t\t\t\t\t<div class=\"elementor-container elementor-column-gap-default\">\n\t\t\t\t\t\t\t<div class=\"elementor-row\">\n\t\t\t\t\t<div class=\"elementor-column elementor-col-100 elementor-top-column elementor-element elementor-element-8ecda69\" data-id=\"8ecda69\" data-element_type=\"column\">\n\t\t\t<div class=\"elementor-column-wrap elementor-element-populated\">\n\t\t\t\t\t\t\t<div class=\"elementor-widget-wrap\">\n\t\t\t\t\t\t<div class=\"elementor-element elementor-element-8bbfb4f elementor-widget elementor-widget-image\" data-id=\"8bbfb4f\" data-element_type=\"widget\" data-widget_type=\"image.default\">\n\t\t\t\t<div class=\"elementor-widget-container\">\n\t\t\t\t\t\t\t\t<div class=\"elementor-image\">\n\t\t\t\t\t\t\t\t\t\t\t\t<img loading=\"lazy\" decoding=\"async\" width=\"768\" height=\"1152\" src=\"https:\/\/bufetepadillasanchez.com\/wp-content\/uploads\/2021\/09\/pexels-cottonbro-4098228-768x1152.jpg\" class=\"attachment-medium_large size-medium_large\" alt=\"\" srcset=\"https:\/\/bufetepadillasanchez.com\/wp-content\/uploads\/2021\/09\/pexels-cottonbro-4098228-768x1152.jpg 768w, https:\/\/bufetepadillasanchez.com\/wp-content\/uploads\/2021\/09\/pexels-cottonbro-4098228-200x300.jpg 200w, https:\/\/bufetepadillasanchez.com\/wp-content\/uploads\/2021\/09\/pexels-cottonbro-4098228-683x1024.jpg 683w, https:\/\/bufetepadillasanchez.com\/wp-content\/uploads\/2021\/09\/pexels-cottonbro-4098228-1024x1536.jpg 1024w, https:\/\/bufetepadillasanchez.com\/wp-content\/uploads\/2021\/09\/pexels-cottonbro-4098228-1365x2048.jpg 1365w, https:\/\/bufetepadillasanchez.com\/wp-content\/uploads\/2021\/09\/pexels-cottonbro-4098228-scaled.jpg 1707w\" sizes=\"auto, (max-width: 768px) 100vw, 768px\" \/>\t\t\t\t\t\t\t\t\t\t\t\t\t\t<\/div>\n\t\t\t\t\t\t<\/div>\n\t\t\t\t<\/div>\n\t\t\t\t\t\t<\/div>\n\t\t\t\t\t<\/div>\n\t\t<\/div>\n\t\t\t\t\t\t\t\t<\/div>\n\t\t\t\t\t<\/div>\n\t\t<\/section>\n\t\t\t\t<section class=\"elementor-section elementor-top-section elementor-element elementor-element-4fddd1a elementor-section-boxed elementor-section-height-default elementor-section-height-default\" data-id=\"4fddd1a\" data-element_type=\"section\">\n\t\t\t\t\t\t<div class=\"elementor-container elementor-column-gap-default\">\n\t\t\t\t\t\t\t<div class=\"elementor-row\">\n\t\t\t\t\t<div class=\"elementor-column elementor-col-100 elementor-top-column elementor-element elementor-element-d8a5b2b\" data-id=\"d8a5b2b\" data-element_type=\"column\">\n\t\t\t<div class=\"elementor-column-wrap elementor-element-populated\">\n\t\t\t\t\t\t\t<div class=\"elementor-widget-wrap\">\n\t\t\t\t\t\t<div class=\"elementor-element elementor-element-16995f0 elementor-align-center elementor-widget elementor-widget-button\" data-id=\"16995f0\" data-element_type=\"widget\" data-widget_type=\"button.default\">\n\t\t\t\t<div class=\"elementor-widget-container\">\n\t\t\t\t\t<div class=\"elementor-button-wrapper\">\n\t\t\t<a href=\"https:\/\/bufetepadillasanchez.com\/index.php\/webinar-gratis-sobre-divorcios\/\" class=\"elementor-button-link elementor-button elementor-size-sm\" role=\"button\">\n\t\t\t\t\t\t<span class=\"elementor-button-content-wrapper\">\n\t\t\t\t\t\t<span class=\"elementor-button-text\">Inscr\u00edbete gratis al webinair sobre divorcios<\/span>\n\t\t<\/span>\n\t\t\t\t\t<\/a>\n\t\t<\/div>\n\t\t\t\t<\/div>\n\t\t\t\t<\/div>\n\t\t\t\t\t\t<\/div>\n\t\t\t\t\t<\/div>\n\t\t<\/div>\n\t\t\t\t\t\t\t\t<\/div>\n\t\t\t\t\t<\/div>\n\t\t<\/section>\n\t\t\t\t\t\t<\/div>\n\t\t\t\t\t\t<\/div>\n\t\t\t\t\t<\/div>\n\t\t","protected":false},"excerpt":{"rendered":"<p>En la propuesta de convenio de divorcio el c\u00f3nyuge promovente o ambos seg\u00fan sea el caso designar\u00e1n a qui\u00e9n le corresponder\u00e1 la guarda y custodia de los menores hijos o mayores de edad con incapacidad jur\u00eddica, as\u00ed como los t\u00e9rminos del derecho de convivencia. El Juzgador velando por el bienestar, el desarrollo, la protecci\u00f3n y &hellip;<\/p>\n<p class=\"read-more\"> <a class=\"\" href=\"https:\/\/bufetepadillasanchez.com\/index.php\/2021\/09\/04\/guarda-y-custodia-de-los-hijos\/\"> <span class=\"screen-reader-text\">Guarda y Custodia de los Hijos<\/span> Leer m\u00e1s &raquo;<\/a><\/p>\n","protected":false},"author":1,"featured_media":0,"comment_status":"open","ping_status":"open","sticky":false,"template":"","format":"standard","meta":{"om_disable_all_campaigns":false,"_monsterinsights_skip_tracking":false,"_monsterinsights_sitenote_active":false,"_monsterinsights_sitenote_note":"","_monsterinsights_sitenote_category":0,"footnotes":""},"categories":[1],"tags":[],"class_list":["post-1438","post","type-post","status-publish","format-standard","hentry","category-uncategorized"],"_links":{"self":[{"href":"https:\/\/bufetepadillasanchez.com\/index.php\/wp-json\/wp\/v2\/posts\/1438","targetHints":{"allow":["GET"]}}],"collection":[{"href":"https:\/\/bufetepadillasanchez.com\/index.php\/wp-json\/wp\/v2\/posts"}],"about":[{"href":"https:\/\/bufetepadillasanchez.com\/index.php\/wp-json\/wp\/v2\/types\/post"}],"author":[{"embeddable":true,"href":"https:\/\/bufetepadillasanchez.com\/index.php\/wp-json\/wp\/v2\/users\/1"}],"replies":[{"embeddable":true,"href":"https:\/\/bufetepadillasanchez.com\/index.php\/wp-json\/wp\/v2\/comments?post=1438"}],"version-history":[{"count":10,"href":"https:\/\/bufetepadillasanchez.com\/index.php\/wp-json\/wp\/v2\/posts\/1438\/revisions"}],"predecessor-version":[{"id":1871,"href":"https:\/\/bufetepadillasanchez.com\/index.php\/wp-json\/wp\/v2\/posts\/1438\/revisions\/1871"}],"wp:attachment":[{"href":"https:\/\/bufetepadillasanchez.com\/index.php\/wp-json\/wp\/v2\/media?parent=1438"}],"wp:term":[{"taxonomy":"category","embeddable":true,"href":"https:\/\/bufetepadillasanchez.com\/index.php\/wp-json\/wp\/v2\/categories?post=1438"},{"taxonomy":"post_tag","embeddable":true,"href":"https:\/\/bufetepadillasanchez.com\/index.php\/wp-json\/wp\/v2\/tags?post=1438"}],"curies":[{"name":"wp","href":"https:\/\/api.w.org\/{rel}","templated":true}]}}